{"id":30,"date":"2022-10-19T09:53:53","date_gmt":"2022-10-19T07:53:53","guid":{"rendered":"https:\/\/busta.gvn.cz\/?p=30"},"modified":"2022-11-28T16:59:05","modified_gmt":"2022-11-28T15:59:05","slug":"studenti-s-depresi","status":"publish","type":"post","link":"https:\/\/busta.gvn.cz\/?p=30","title":{"rendered":"Studenti s depres\u00ed"},"content":{"rendered":"<p><em><strong>Studentsk\u00fd \u017eivot je s\u00e1m o sob\u011b n\u00e1ro\u010dn\u00fd, ale p\u0159em\u00fd\u0161leli jste n\u011bkdy nad t\u00edm, jak vypad\u00e1 \u017eivot pro studenta s depres\u00ed? V \u010dem mu zabra\u0148uje a jak ho ovliv\u0148uje? P\u0159esn\u011b to se dozv\u00edte v dne\u0161n\u00edm \u010dl\u00e1nku.<\/strong><\/em><\/p>\n<p>Pojem deprese poch\u00e1z\u00ed z latinsk\u00e9ho depressio neboli stla\u010den\u00ed \u010di potla\u010den\u00ed a je jednou z nej\u010dast\u011bj\u0161\u00edch du\u0161evn\u00edch poruch, kter\u00e1 se projevuje p\u0159ev\u00e1\u017en\u011b skleslou n\u00e1ladou, snadnou unavitelnost\u00ed a uzav\u00edr\u00e1n\u00edm se p\u0159ed okol\u00edm. Je to nemoc jako kter\u00e1koli jin\u00e1, a\u010dkoliv to tak mnoho lid\u00ed nevid\u00ed.<\/p>\n<p>Student \u017eij\u00edc\u00ed s depres\u00ed je ovlivn\u011bn mnoha zp\u016fsoby, ve \u0161kole si ale v\u011bt\u0161inou pov\u0161imneme zhor\u0161uj\u00edc\u00edch se zn\u00e1mek. Deprese toti\u017e p\u016fsob\u00ed na na\u0161i pracovn\u00ed pam\u011b\u0165, tedy tu \u010d\u00e1st na\u0161\u00ed pam\u011bti, kter\u00e1 n\u00e1m umo\u017e\u0148uje udr\u017eet po velmi kr\u00e1tkou dobu ur\u010ditou informaci \u010di si vybavit minul\u00e9 zku\u0161enosti. Tud\u00ed\u017e je pro takov\u00e9ho studenta velmi t\u011b\u017ek\u00e9 si zapamatovat informace na test nebo zkou\u0161en\u00ed.<\/p>\n<p>Deprese ale neovliv\u0148uje pouze na\u0161e v\u00fdkony, ale i na\u0161e pocity a chov\u00e1n\u00ed. Z usm\u011bvav\u00e9ho, otev\u0159en\u00e9ho a extrovertn\u00edho \u010dlov\u011bka se m\u016f\u017ee st\u00e1t pesimistick\u00fd, uzav\u0159en\u00fd introvert.<\/p>\n<p>Deprese se projevuje zm\u011bnami n\u00e1lad, vztekem, pocity pr\u00e1zdna, nevolnost\u00ed, ztr\u00e1tou chuti k j\u00eddlu nebo naopak \u2013 p\u0159ej\u00edd\u00e1n\u00edm, nedostatkem motivace a \u010dasto sebevra\u017eedn\u00fdmi my\u0161lenkami. Depresi n\u011bkdy doprov\u00e1z\u00ed i \u00fazkost a mohou do denn\u00edho po\u0159\u00e1dku p\u0159ib\u00fdt i panick\u00e9 z\u00e1chvaty. Je tak jasn\u00e9, \u017ee student s depres\u00ed nebude schopen stoprocentn\u00edch v\u00fdkon\u016f.<\/p>\n<p>Zkusme se v\u017e\u00edt do role takov\u00e9ho studenta. P\u0159edstavte si, \u017ee m\u00e1te hodinu matematiky a z ni\u010deho nic uc\u00edt\u00edte strach, a to do takov\u00e9 m\u00edry, \u017ee se v\u00e1m za\u010dnou klepat ruce a nem\u016f\u017eete d\u00fdchat \u2013 to je p\u0159\u00edklad panick\u00e9ho z\u00e1chvatu. Byli byste schopn\u00ed pracovat na zad\u00e1n\u00ed v takov\u00e9 situaci?<\/p>\n<p>Dal\u0161\u00ed p\u0159\u00edklad: p\u0159edstavte si, \u017ee je osm hodin r\u00e1no, sly\u0161\u00edte zvonek a u\u010ditel p\u0159ich\u00e1z\u00ed do hodiny. Vy jste ale psychicky vy\u010derpan\u00ed a nejste schopn\u00ed se soust\u0159edit na to, co u\u010ditel \u0159\u00edk\u00e1 a sly\u0161\u00edte jen sv\u00e9 my\u0161lenky \u2013 my\u0161lenky, kter\u00e9 jsou v\u00e1m nep\u0159\u00edjemn\u00e9. Doma jste potom tak unaven\u00ed ze dne pln\u00e9ho my\u0161lenek, proti kter\u00fdm jste museli bojovat, \u017ee u\u017e nem\u00e1te s\u00edlu na nic jin\u00e9ho ne\u017e lehnout do postele. To by nebylo lehk\u00e9, \u017ee?<\/p>\n<p>Mnoho takov\u00fdchto student\u016f nevyhled\u00e1 pomoc a tr\u00e1p\u00ed se tak v\u00edc, ne\u017e kdyby se sv\u011b\u0159ili. Z\u00e1rove\u0148 se od nich o\u010dek\u00e1v\u00e1 ur\u010dit\u00e1 performace, kterou nejsou schopn\u00ed vykonat \u2013 t\u00edm jim nab\u00fdv\u00e1 je\u0161t\u011b v\u00edce stresu, ne\u017e kdyby bylo okol\u00ed shov\u00edvav\u011bj\u0161\u00ed a sna\u017eilo se v\u00edce porozum\u011bt. M\u016f\u017ee se st\u00e1t, \u017ee student takzvan\u011b \u201evyho\u0159\u00ed\u201d, dojde k naprost\u00e9mu vy\u010derp\u00e1n\u00ed. K tomu \u010dasto doch\u00e1z\u00ed, kdy\u017e se student zab\u00fdv\u00e1 u\u010den\u00edm a\u017e p\u0159\u00edli\u0161, nab\u00edr\u00e1 si v\u011bci, u kter\u00fdch je jasn\u00e9, \u017ee je nezvl\u00e1dne a zapl\u0148uje si cel\u00fd sv\u016fj voln\u00fd \u010das \u010dinnostmi, aby nebylo prostoru na \u0161patn\u00e9 my\u0161lenky. Vyho\u0159en\u00ed se projevuje hlavn\u011b jako lhostejnost a nechu\u0165 k pr\u00e1ci, ztr\u00e1ta p\u016fvodn\u00edho nad\u0161en\u00ed a zmiz\u00ed jak\u00e1koliv s\u00edla na vykon\u00e1n\u00ed pr\u00e1ce. Mohli bychom to nazvat jako stavem \u201emouchy sn\u011bzte si m\u011b\u201c.<\/p>\n<p>V nejhor\u0161\u00edm p\u0159\u00edpad\u011b m\u016f\u017ee m\u00edt student sebevra\u017eedn\u00e9 my\u0161lenky, o kter\u00fdch ale nikomu ne\u0159ekne, co\u017e je velmi \u010dast\u00e9. V takov\u00fdchto p\u0159\u00edpadech m\u016f\u017ee nastat situace, \u017ee se \u010dlov\u011bk nakonec pokus\u00ed o sebevra\u017edu.<\/p>\n<p>Tyto sebevra\u017eedn\u00e9 my\u0161lenky jsou n\u011bkdy doprov\u00e1zeny ot\u00e1zkami: Jak\u00fd m\u00e1 smysl se u\u010dit n\u011bco nov\u00e9ho, kdy\u017e tu nep\u00e1nuji b\u00fdt na dlouho? Pro\u010d bych se m\u011bl sna\u017eit, kdy\u017e \u017eivot stejn\u011b nem\u00e1 smysl?<\/p>\n<p>Dal\u0161\u00ed mo\u017enost\u00ed je, \u017ee student se opravdu sna\u017e\u00ed a chce m\u00edt dobr\u00e9 v\u00fdsledky, ale kv\u016fli jeho psychick\u00e9 nemoci to prost\u011b nejde.<\/p>\n<p>A\u0165 u\u017e si jen \u010dtete tento \u010dl\u00e1nek, proto\u017ee jste studentem gymn\u00e1zia nebo jste jedn\u00edm z osob, kter\u00e9 se toto t\u00e9ma t\u00fdk\u00e1 \u2013 vn\u00edmejte sv\u00e9 okol\u00ed a nenechte sv\u00e9 spolu\u017e\u00e1ky v mal\u00e9ru. V p\u0159\u00edpad\u011b, \u017ee si n\u011b\u010d\u00edm podobn\u00fdm proch\u00e1z\u00edte, nejste v tom sami. Nebojte si \u0159\u00edct o pomoc, dokud je \u010das.<\/p>\n<p>\u2013 Michaela R\u00fdparov\u00e1<\/p>\n","protected":false},"excerpt":{"rendered":"<p>Studentsk\u00fd \u017eivot je s\u00e1m o sob\u011b n\u00e1ro\u010dn\u00fd, ale p\u0159em\u00fd\u0161leli jste n\u011bkdy nad t\u00edm, jak vypad\u00e1 \u017eivot pro studenta s depres\u00ed? V \u010dem mu zabra\u0148uje a jak ho ovliv\u0148uje?<\/p>\n","protected":false},"author":1,"featured_media":31,"comment_status":"open","ping_status":"open","sticky":false,"template":"","format":"standard","meta":{"footnotes":""},"categories":[9],"tags":[],"class_list":["post-30","post","type-post","status-publish","format-standard","has-post-thumbnail","hentry","category-tipy"],"yoast_head":"<!-- This site is optimized with the Yoast SEO plugin v21.4 - https:\/\/yoast.com\/wordpress\/plugins\/seo\/ -->\n<title>Studenti s depres\u00ed - \u0160koln\u00ed \u010dasopis - Busta GVN<\/title>\n<meta name=\"robots\" content=\"index, follow, max-snippet:-1, max-image-preview:large, max-video-preview:-1\" \/>\n<link rel=\"canonical\" href=\"https:\/\/busta.gvn.cz\/?p=30\" \/>\n<meta property=\"og:locale\" content=\"cs_CZ\" \/>\n<meta property=\"og:type\" content=\"article\" \/>\n<meta property=\"og:title\" content=\"Studenti s depres\u00ed - \u0160koln\u00ed \u010dasopis - Busta GVN\" \/>\n<meta property=\"og:description\" content=\"Studentsk\u00fd \u017eivot je s\u00e1m o sob\u011b n\u00e1ro\u010dn\u00fd, ale p\u0159em\u00fd\u0161leli jste n\u011bkdy nad t\u00edm, jak vypad\u00e1 \u017eivot pro studenta s depres\u00ed? V \u010dem mu zabra\u0148uje a jak ho ovliv\u0148uje?\" \/>\n<meta property=\"og:url\" content=\"https:\/\/busta.gvn.cz\/?p=30\" \/>\n<meta property=\"og:site_name\" content=\"\u0160koln\u00ed \u010dasopis - Busta GVN\" \/>\n<meta property=\"article:published_time\" content=\"2022-10-19T07:53:53+00:00\" \/>\n<meta property=\"article:modified_time\" content=\"2022-11-28T15:59:05+00:00\" \/>\n<meta property=\"og:image\" content=\"https:\/\/busta.gvn.cz\/wp-content\/uploads\/2022\/11\/312050704_835655227863199_207023575941134725_n.jpg\" \/>\n\t<meta property=\"og:image:width\" content=\"1080\" \/>\n\t<meta property=\"og:image:height\" content=\"1080\" \/>\n\t<meta property=\"og:image:type\" content=\"image\/jpeg\" \/>\n<meta name=\"author\" content=\"Admin\" \/>\n<meta name=\"twitter:card\" content=\"summary_large_image\" \/>\n<meta name=\"twitter:label1\" content=\"Napsal(a)\" \/>\n\t<meta name=\"twitter:data1\" content=\"Admin\" \/>\n\t<meta name=\"twitter:label2\" content=\"Odhadovan\u00e1 doba \u010dten\u00ed\" \/>\n\t<meta name=\"twitter:data2\" content=\"4 minuty\" \/>\n<script type=\"application\/ld+json\" class=\"yoast-schema-graph\">{\"@context\":\"https:\/\/schema.org\",\"@graph\":[{\"@type\":\"Article\",\"@id\":\"https:\/\/busta.gvn.cz\/?p=30#article\",\"isPartOf\":{\"@id\":\"https:\/\/busta.gvn.cz\/?p=30\"},\"author\":{\"name\":\"Admin\",\"@id\":\"https:\/\/busta.gvn.cz\/#\/schema\/person\/a1b0aedd939c76051d2f3f5acd805147\"},\"headline\":\"Studenti s depres\u00ed\",\"datePublished\":\"2022-10-19T07:53:53+00:00\",\"dateModified\":\"2022-11-28T15:59:05+00:00\",\"mainEntityOfPage\":{\"@id\":\"https:\/\/busta.gvn.cz\/?p=30\"},\"wordCount\":792,\"commentCount\":0,\"publisher\":{\"@id\":\"https:\/\/busta.gvn.cz\/#organization\"},\"articleSection\":[\"Tipy\"],\"inLanguage\":\"cs\",\"potentialAction\":[{\"@type\":\"CommentAction\",\"name\":\"Comment\",\"target\":[\"https:\/\/busta.gvn.cz\/?p=30#respond\"]}]},{\"@type\":\"WebPage\",\"@id\":\"https:\/\/busta.gvn.cz\/?p=30\",\"url\":\"https:\/\/busta.gvn.cz\/?p=30\",\"name\":\"Studenti s depres\u00ed - \u0160koln\u00ed \u010dasopis - Busta GVN\",\"isPartOf\":{\"@id\":\"https:\/\/busta.gvn.cz\/#website\"},\"datePublished\":\"2022-10-19T07:53:53+00:00\",\"dateModified\":\"2022-11-28T15:59:05+00:00\",\"breadcrumb\":{\"@id\":\"https:\/\/busta.gvn.cz\/?p=30#breadcrumb\"},\"inLanguage\":\"cs\",\"potentialAction\":[{\"@type\":\"ReadAction\",\"target\":[\"https:\/\/busta.gvn.cz\/?p=30\"]}]},{\"@type\":\"BreadcrumbList\",\"@id\":\"https:\/\/busta.gvn.cz\/?p=30#breadcrumb\",\"itemListElement\":[{\"@type\":\"ListItem\",\"position\":1,\"name\":\"Dom\u016f\",\"item\":\"https:\/\/busta.gvn.cz\/\"},{\"@type\":\"ListItem\",\"position\":2,\"name\":\"Studenti s depres\u00ed\"}]},{\"@type\":\"WebSite\",\"@id\":\"https:\/\/busta.gvn.cz\/#website\",\"url\":\"https:\/\/busta.gvn.cz\/\",\"name\":\"\u0160koln\u00ed \u010dasopis - Busta GVN\",\"description\":\"Gymn\u00e1zium V\u00edt\u011bzslava Nov\u00e1ka\",\"publisher\":{\"@id\":\"https:\/\/busta.gvn.cz\/#organization\"},\"potentialAction\":[{\"@type\":\"SearchAction\",\"target\":{\"@type\":\"EntryPoint\",\"urlTemplate\":\"https:\/\/busta.gvn.cz\/?s={search_term_string}\"},\"query-input\":\"required name=search_term_string\"}],\"inLanguage\":\"cs\"},{\"@type\":\"Organization\",\"@id\":\"https:\/\/busta.gvn.cz\/#organization\",\"name\":\"\u0160koln\u00ed \u010dasopis - Busta GVN\",\"url\":\"https:\/\/busta.gvn.cz\/\",\"logo\":{\"@type\":\"ImageObject\",\"inLanguage\":\"cs\",\"@id\":\"https:\/\/busta.gvn.cz\/#\/schema\/logo\/image\/\",\"url\":\"https:\/\/busta.gvn.cz\/wp-content\/uploads\/2022\/11\/Busta-1-1.png\",\"contentUrl\":\"https:\/\/busta.gvn.cz\/wp-content\/uploads\/2022\/11\/Busta-1-1.png\",\"width\":500,\"height\":500,\"caption\":\"\u0160koln\u00ed \u010dasopis - Busta GVN\"},\"image\":{\"@id\":\"https:\/\/busta.gvn.cz\/#\/schema\/logo\/image\/\"},\"sameAs\":[\"https:\/\/www.instagram.com\/busta.gvn\/\"]},{\"@type\":\"Person\",\"@id\":\"https:\/\/busta.gvn.cz\/#\/schema\/person\/a1b0aedd939c76051d2f3f5acd805147\",\"name\":\"Admin\",\"image\":{\"@type\":\"ImageObject\",\"inLanguage\":\"cs\",\"@id\":\"https:\/\/busta.gvn.cz\/#\/schema\/person\/image\/\",\"url\":\"https:\/\/secure.gravatar.com\/avatar\/cd90277c94cf15972a536a4405de262586517fb49f9e165e4708ad62027eb957?s=96&d=mm&r=g\",\"contentUrl\":\"https:\/\/secure.gravatar.com\/avatar\/cd90277c94cf15972a536a4405de262586517fb49f9e165e4708ad62027eb957?s=96&d=mm&r=g\",\"caption\":\"Admin\"},\"sameAs\":[\"https:\/\/busta.gvn.cz\"],\"url\":\"https:\/\/busta.gvn.cz\/?author=1\"}]}<\/script>\n<!-- \/ Yoast SEO plugin. -->","yoast_head_json":{"title":"Studenti s depres\u00ed - \u0160koln\u00ed \u010dasopis - Busta GVN","robots":{"index":"index","follow":"follow","max-snippet":"max-snippet:-1","max-image-preview":"max-image-preview:large","max-video-preview":"max-video-preview:-1"},"canonical":"https:\/\/busta.gvn.cz\/?p=30","og_locale":"cs_CZ","og_type":"article","og_title":"Studenti s depres\u00ed - \u0160koln\u00ed \u010dasopis - Busta GVN","og_description":"Studentsk\u00fd \u017eivot je s\u00e1m o sob\u011b n\u00e1ro\u010dn\u00fd, ale p\u0159em\u00fd\u0161leli jste n\u011bkdy nad t\u00edm, jak vypad\u00e1 \u017eivot pro studenta s depres\u00ed? V \u010dem mu zabra\u0148uje a jak ho ovliv\u0148uje?","og_url":"https:\/\/busta.gvn.cz\/?p=30","og_site_name":"\u0160koln\u00ed \u010dasopis - Busta GVN","article_published_time":"2022-10-19T07:53:53+00:00","article_modified_time":"2022-11-28T15:59:05+00:00","og_image":[{"width":1080,"height":1080,"url":"https:\/\/busta.gvn.cz\/wp-content\/uploads\/2022\/11\/312050704_835655227863199_207023575941134725_n.jpg","type":"image\/jpeg"}],"author":"Admin","twitter_card":"summary_large_image","twitter_misc":{"Napsal(a)":"Admin","Odhadovan\u00e1 doba \u010dten\u00ed":"4 minuty"},"schema":{"@context":"https:\/\/schema.org","@graph":[{"@type":"Article","@id":"https:\/\/busta.gvn.cz\/?p=30#article","isPartOf":{"@id":"https:\/\/busta.gvn.cz\/?p=30"},"author":{"name":"Admin","@id":"https:\/\/busta.gvn.cz\/#\/schema\/person\/a1b0aedd939c76051d2f3f5acd805147"},"headline":"Studenti s depres\u00ed","datePublished":"2022-10-19T07:53:53+00:00","dateModified":"2022-11-28T15:59:05+00:00","mainEntityOfPage":{"@id":"https:\/\/busta.gvn.cz\/?p=30"},"wordCount":792,"commentCount":0,"publisher":{"@id":"https:\/\/busta.gvn.cz\/#organization"},"articleSection":["Tipy"],"inLanguage":"cs","potentialAction":[{"@type":"CommentAction","name":"Comment","target":["https:\/\/busta.gvn.cz\/?p=30#respond"]}]},{"@type":"WebPage","@id":"https:\/\/busta.gvn.cz\/?p=30","url":"https:\/\/busta.gvn.cz\/?p=30","name":"Studenti s depres\u00ed - \u0160koln\u00ed \u010dasopis - Busta GVN","isPartOf":{"@id":"https:\/\/busta.gvn.cz\/#website"},"datePublished":"2022-10-19T07:53:53+00:00","dateModified":"2022-11-28T15:59:05+00:00","breadcrumb":{"@id":"https:\/\/busta.gvn.cz\/?p=30#breadcrumb"},"inLanguage":"cs","potentialAction":[{"@type":"ReadAction","target":["https:\/\/busta.gvn.cz\/?p=30"]}]},{"@type":"BreadcrumbList","@id":"https:\/\/busta.gvn.cz\/?p=30#breadcrumb","itemListElement":[{"@type":"ListItem","position":1,"name":"Dom\u016f","item":"https:\/\/busta.gvn.cz\/"},{"@type":"ListItem","position":2,"name":"Studenti s depres\u00ed"}]},{"@type":"WebSite","@id":"https:\/\/busta.gvn.cz\/#website","url":"https:\/\/busta.gvn.cz\/","name":"\u0160koln\u00ed \u010dasopis - Busta GVN","description":"Gymn\u00e1zium V\u00edt\u011bzslava Nov\u00e1ka","publisher":{"@id":"https:\/\/busta.gvn.cz\/#organization"},"potentialAction":[{"@type":"SearchAction","target":{"@type":"EntryPoint","urlTemplate":"https:\/\/busta.gvn.cz\/?s={search_term_string}"},"query-input":"required name=search_term_string"}],"inLanguage":"cs"},{"@type":"Organization","@id":"https:\/\/busta.gvn.cz\/#organization","name":"\u0160koln\u00ed \u010dasopis - Busta GVN","url":"https:\/\/busta.gvn.cz\/","logo":{"@type":"ImageObject","inLanguage":"cs","@id":"https:\/\/busta.gvn.cz\/#\/schema\/logo\/image\/","url":"https:\/\/busta.gvn.cz\/wp-content\/uploads\/2022\/11\/Busta-1-1.png","contentUrl":"https:\/\/busta.gvn.cz\/wp-content\/uploads\/2022\/11\/Busta-1-1.png","width":500,"height":500,"caption":"\u0160koln\u00ed \u010dasopis - Busta GVN"},"image":{"@id":"https:\/\/busta.gvn.cz\/#\/schema\/logo\/image\/"},"sameAs":["https:\/\/www.instagram.com\/busta.gvn\/"]},{"@type":"Person","@id":"https:\/\/busta.gvn.cz\/#\/schema\/person\/a1b0aedd939c76051d2f3f5acd805147","name":"Admin","image":{"@type":"ImageObject","inLanguage":"cs","@id":"https:\/\/busta.gvn.cz\/#\/schema\/person\/image\/","url":"https:\/\/secure.gravatar.com\/avatar\/cd90277c94cf15972a536a4405de262586517fb49f9e165e4708ad62027eb957?s=96&d=mm&r=g","contentUrl":"https:\/\/secure.gravatar.com\/avatar\/cd90277c94cf15972a536a4405de262586517fb49f9e165e4708ad62027eb957?s=96&d=mm&r=g","caption":"Admin"},"sameAs":["https:\/\/busta.gvn.cz"],"url":"https:\/\/busta.gvn.cz\/?author=1"}]}},"post_mailing_queue_ids":[],"_links":{"self":[{"href":"https:\/\/busta.gvn.cz\/index.php?rest_route=\/wp\/v2\/posts\/30","targetHints":{"allow":["GET"]}}],"collection":[{"href":"https:\/\/busta.gvn.cz\/index.php?rest_route=\/wp\/v2\/posts"}],"about":[{"href":"https:\/\/busta.gvn.cz\/index.php?rest_route=\/wp\/v2\/types\/post"}],"author":[{"embeddable":true,"href":"https:\/\/busta.gvn.cz\/index.php?rest_route=\/wp\/v2\/users\/1"}],"replies":[{"embeddable":true,"href":"https:\/\/busta.gvn.cz\/index.php?rest_route=%2Fwp%2Fv2%2Fcomments&post=30"}],"version-history":[{"count":2,"href":"https:\/\/busta.gvn.cz\/index.php?rest_route=\/wp\/v2\/posts\/30\/revisions"}],"predecessor-version":[{"id":209,"href":"https:\/\/busta.gvn.cz\/index.php?rest_route=\/wp\/v2\/posts\/30\/revisions\/209"}],"wp:featuredmedia":[{"embeddable":true,"href":"https:\/\/busta.gvn.cz\/index.php?rest_route=\/wp\/v2\/media\/31"}],"wp:attachment":[{"href":"https:\/\/busta.gvn.cz\/index.php?rest_route=%2Fwp%2Fv2%2Fmedia&parent=30"}],"wp:term":[{"taxonomy":"category","embeddable":true,"href":"https:\/\/busta.gvn.cz\/index.php?rest_route=%2Fwp%2Fv2%2Fcategories&post=30"},{"taxonomy":"post_tag","embeddable":true,"href":"https:\/\/busta.gvn.cz\/index.php?rest_route=%2Fwp%2Fv2%2Ftags&post=30"}],"curies":[{"name":"wp","href":"https:\/\/api.w.org\/{rel}","templated":true}]}}